{"id":146,"count":20,"description":"A Colora\u00e7\u00e3o Cappuccio Professional \u00e9 enriquecida com \u00f3leo de linha\u00e7a, prote\u00edna da seda e queratina que hidratam e auxiliam no fortalecimento dos fios proporcionando  100% de cobertura dos brancos com brilho e durabilidade enquanto protege o cabelo durante o uso com emoli\u00eancia e umecta\u00e7\u00e3o. Os pigmentos da Colora\u00e7\u00e3o Cappuccio Professional s\u00e3o resistentes \u00e0 luz e \u00e0s lavagens dos fios, o que garante prote\u00e7\u00e3o contra o desbotamento e intensidade at\u00e9 o pr\u00f3ximo retoque da raiz.","link":"https:\/\/cappuccio.com.br\/index.php\/product-category\/coloracao-profissional\/","name":"Colora\u00e7\u00e3o profissional","slug":"coloracao-profissional","taxonomy":"product_cat","parent":0,"meta":[],"_links":{"self":[{"href":"https:\/\/cappuccio.com.br\/index.php\/wp-json\/wp\/v2\/product_cat\/146"}],"collection":[{"href":"https:\/\/cappuccio.com.br\/index.php\/wp-json\/wp\/v2\/product_cat"}],"about":[{"href":"https:\/\/cappuccio.com.br\/index.php\/wp-json\/wp\/v2\/taxonomies\/product_cat"}],"wp:post_type":[{"href":"https:\/\/cappuccio.com.br\/index.php\/wp-json\/wp\/v2\/product?product_cat=146"}],"curies":[{"name":"wp","href":"https:\/\/api.w.org\/{rel}","templated":true}]}}